{"id":2420,"date":"2022-05-20T16:39:58","date_gmt":"2022-05-20T21:39:58","guid":{"rendered":"http:\/\/elveracruzano.vip\/?p=2420"},"modified":"2022-05-20T10:40:05","modified_gmt":"2022-05-20T15:40:05","slug":"fomenta-sev-preservacion-de-fauna-y-aprendizaje-cientifico-con-reapertura-del-aquarium-del-puerto-de-veracruz","status":"publish","type":"post","link":"http:\/\/elveracruzano.vip\/?p=2420","title":{"rendered":"Fomenta SEV preservaci\u00f3n de fauna y aprendizaje cient\u00edfico con reapertura del Aquarium del Puerto de Veracruz"},"content":{"rendered":"\n<p><strong>#Veracruz, #Ver<\/strong>.- Entusiasmados de visitar por primera vez el Aquarium del Puerto de Veracruz, estudiantes de primaria y secundaria de Actopan, Amatl\u00e1n de los Reyes, Camerino Z. Mendoza y Playa Vicente fueron los primeros en recorrer las instalaciones durante su reapertura, celebrando el desarrollo de espacios destinados a la preservaci\u00f3n de la fauna marina y la investigaci\u00f3n cient\u00edfica.<\/p>\n\n\n\n<p>Aqu\u00ed, el titular de la Secretar\u00eda de Educaci\u00f3n de Veracruz (SEV), Zenyazen Escobar Garc\u00eda, reiter\u00f3 la importancia del aprendizaje dentro de ambientes naturales, al tiempo de fomentar el cuidado y respeto del ecosistema entre la comunidad educativa.<\/p>\n\n\n\n<p>Por otra parte, la profesora Araceli Ventura agradeci\u00f3 la oportunidad de conocer el recinto, logrando con esto reducir la brecha educativa a los habitantes de localidades apartadas; mientras que el alumno Hilario Montele\u00f3n expres\u00f3 que una experiencia de este tipo no tiene comparaci\u00f3n, deseando que m\u00e1s ni\u00f1as y ni\u00f1os como \u00e9l puedan estar pronto en el lugar.<\/p>\n\n\n\n<p>Las instituciones visitantes fueron las primarias Nueva Vida, de la comunidad Nuevo Ixcatl\u00e1n (Playa Vicente), Guadalupe Victoria de San Isidro (Actopan) y la Primaria Ind\u00edgena Amado Nervo del ejido La Cuesta (Mendoza); adem\u00e1s de la Secundaria General \u00c1ngel Carvajal Bernal de Potrero Nuevo (Amatl\u00e1n).<\/p>\n\n\n\n<p><strong>#ElVeracruzanoVip<\/strong><\/p>\n","protected":false},"excerpt":{"rendered":"<p>#Veracruz, #Ver.- Entusiasmados de visitar por primera vez el Aquarium del Puerto de Veracruz, estudiantes de primaria y secundaria de<\/p>\n","protected":false},"author":4,"featured_media":2421,"comment_status":"open","ping_status":"open","sticky":false,"template":"","format":"standard","meta":{"colormag_page_container_layout":"default_layout","colormag_page_sidebar_layout":"default_layout","rop_custom_images_group":[],"rop_custom_messages_group":[],"rop_publish_now":"initial","rop_publish_now_accounts":{"facebook_109133384920963_108472061465099":""},"rop_publish_now_history":[],"rop_publish_now_status":"pending","footnotes":""},"categories":[16],"tags":[17,26,20,18,19,84,21,23,22],"class_list":["post-2420","post","type-post","status-publish","format-standard","has-post-thumbnail","hentry","category-ultima-hora","tag-cuitlahuac-garcia-jimenez","tag-el-veracruzano-vip","tag-enterate","tag-gobierno-del-estado-de-veracruz","tag-redes-sociales","tag-secretaria-de-proteccion-civil-del-estado-de-veracruz","tag-ultima-hora","tag-ultimas-noticias","tag-ultimo-minuto"],"_links":{"self":[{"href":"http:\/\/elveracruzano.vip\/index.php?rest_route=\/wp\/v2\/posts\/2420","targetHints":{"allow":["GET"]}}],"collection":[{"href":"http:\/\/elveracruzano.vip\/index.php?rest_route=\/wp\/v2\/posts"}],"about":[{"href":"http:\/\/elveracruzano.vip\/index.php?rest_route=\/wp\/v2\/types\/post"}],"author":[{"embeddable":true,"href":"http:\/\/elveracruzano.vip\/index.php?rest_route=\/wp\/v2\/users\/4"}],"replies":[{"embeddable":true,"href":"http:\/\/elveracruzano.vip\/index.php?rest_route=%2Fwp%2Fv2%2Fcomments&post=2420"}],"version-history":[{"count":1,"href":"http:\/\/elveracruzano.vip\/index.php?rest_route=\/wp\/v2\/posts\/2420\/revisions"}],"predecessor-version":[{"id":2422,"href":"http:\/\/elveracruzano.vip\/index.php?rest_route=\/wp\/v2\/posts\/2420\/revisions\/2422"}],"wp:featuredmedia":[{"embeddable":true,"href":"http:\/\/elveracruzano.vip\/index.php?rest_route=\/wp\/v2\/media\/2421"}],"wp:attachment":[{"href":"http:\/\/elveracruzano.vip\/index.php?rest_route=%2Fwp%2Fv2%2Fmedia&parent=2420"}],"wp:term":[{"taxonomy":"category","embeddable":true,"href":"http:\/\/elveracruzano.vip\/index.php?rest_route=%2Fwp%2Fv2%2Fcategories&post=2420"},{"taxonomy":"post_tag","embeddable":true,"href":"http:\/\/elveracruzano.vip\/index.php?rest_route=%2Fwp%2Fv2%2Ftags&post=2420"}],"curies":[{"name":"wp","href":"https:\/\/api.w.org\/{rel}","templated":true}]}}