{"id":2312,"date":"2022-05-06T14:06:00","date_gmt":"2022-05-06T19:06:00","guid":{"rendered":"http:\/\/elveracruzano.vip\/?p=2312"},"modified":"2022-05-06T10:07:43","modified_gmt":"2022-05-06T15:07:43","slug":"21-estudiantes-representaran-a-veracruz-en-olimpiada-mexicana-de-matematicas","status":"publish","type":"post","link":"http:\/\/elveracruzano.vip\/?p=2312","title":{"rendered":"21 estudiantes representar\u00e1n a Veracruz en \u00abOlimpiada Mexicana de Matem\u00e1ticas\u00bb"},"content":{"rendered":"\n<p><strong>#Xalapa, #Ver<\/strong>.- En reconocimiento a su esfuerzo, la Secretar\u00eda de Educaci\u00f3n de Veracruz (SEV) premi\u00f3 a 21 alumnas y alumnos preseleccionados que el pr\u00f3ximo mes de junio representar\u00e1n a la entidad en la sexta Olimpiada Mexicana de Matem\u00e1ticas para Educaci\u00f3n B\u00e1sica.<\/p>\n\n\n\n<p>Este a\u00f1o, la fase previa registr\u00f3 una participaci\u00f3n de al menos 5 mil 500 estudiantes, superando los 2 mil 300 de 2021. En este sentido, el titular de la dependencia, Zenyazen Escobar Garc\u00eda, destac\u00f3 la mejora en las estrategias de aprendizaje para hacer dicha materia m\u00e1s accesible y divertida.<\/p>\n\n\n\n<p>Adem\u00e1s, la Nueva Escuela Mexicana impulsada por el presidente Andr\u00e9s Manuel L\u00f3pez Obrador contempla una formaci\u00f3n integral, de excelencia y humanista, donde el desarrollo de habilidades como las Matem\u00e1ticas es fundamental frente a los retos que plantea la sociedad actual.<\/p>\n\n\n\n<p>Veracruz ha participado en la Olimpiada desde su segunda edici\u00f3n en 2018, esta vez fueron considerados tres niveles: cuarto y quinto de primaria, sexto de primaria y primero y segundo de secundaria. El proceso de selecci\u00f3n const\u00f3 de tres etapas mediante los temas de combinatoria, Geometr\u00eda, teor\u00eda de n\u00fameros y \u00c1lgebra.<\/p>\n\n\n\n<p><strong>#ElVeracruzanoVip<\/strong><\/p>\n","protected":false},"excerpt":{"rendered":"<p>#Xalapa, #Ver.- En reconocimiento a su esfuerzo, la Secretar\u00eda de Educaci\u00f3n de Veracruz (SEV) premi\u00f3 a 21 alumnas y alumnos<\/p>\n","protected":false},"author":4,"featured_media":2313,"comment_status":"open","ping_status":"open","sticky":false,"template":"","format":"standard","meta":{"colormag_page_container_layout":"default_layout","colormag_page_sidebar_layout":"default_layout","rop_custom_images_group":[],"rop_custom_messages_group":[],"rop_publish_now":"initial","rop_publish_now_accounts":{"facebook_109133384920963_108472061465099":""},"rop_publish_now_history":[],"rop_publish_now_status":"pending","footnotes":""},"categories":[16],"tags":[17,26,20,18,19,84,21,23,22],"class_list":["post-2312","post","type-post","status-publish","format-standard","has-post-thumbnail","hentry","category-ultima-hora","tag-cuitlahuac-garcia-jimenez","tag-el-veracruzano-vip","tag-enterate","tag-gobierno-del-estado-de-veracruz","tag-redes-sociales","tag-secretaria-de-proteccion-civil-del-estado-de-veracruz","tag-ultima-hora","tag-ultimas-noticias","tag-ultimo-minuto"],"_links":{"self":[{"href":"http:\/\/elveracruzano.vip\/index.php?rest_route=\/wp\/v2\/posts\/2312","targetHints":{"allow":["GET"]}}],"collection":[{"href":"http:\/\/elveracruzano.vip\/index.php?rest_route=\/wp\/v2\/posts"}],"about":[{"href":"http:\/\/elveracruzano.vip\/index.php?rest_route=\/wp\/v2\/types\/post"}],"author":[{"embeddable":true,"href":"http:\/\/elveracruzano.vip\/index.php?rest_route=\/wp\/v2\/users\/4"}],"replies":[{"embeddable":true,"href":"http:\/\/elveracruzano.vip\/index.php?rest_route=%2Fwp%2Fv2%2Fcomments&post=2312"}],"version-history":[{"count":1,"href":"http:\/\/elveracruzano.vip\/index.php?rest_route=\/wp\/v2\/posts\/2312\/revisions"}],"predecessor-version":[{"id":2314,"href":"http:\/\/elveracruzano.vip\/index.php?rest_route=\/wp\/v2\/posts\/2312\/revisions\/2314"}],"wp:featuredmedia":[{"embeddable":true,"href":"http:\/\/elveracruzano.vip\/index.php?rest_route=\/wp\/v2\/media\/2313"}],"wp:attachment":[{"href":"http:\/\/elveracruzano.vip\/index.php?rest_route=%2Fwp%2Fv2%2Fmedia&parent=2312"}],"wp:term":[{"taxonomy":"category","embeddable":true,"href":"http:\/\/elveracruzano.vip\/index.php?rest_route=%2Fwp%2Fv2%2Fcategories&post=2312"},{"taxonomy":"post_tag","embeddable":true,"href":"http:\/\/elveracruzano.vip\/index.php?rest_route=%2Fwp%2Fv2%2Ftags&post=2312"}],"curies":[{"name":"wp","href":"https:\/\/api.w.org\/{rel}","templated":true}]}}