{"id":2281,"date":"2022-05-04T10:29:36","date_gmt":"2022-05-04T15:29:36","guid":{"rendered":"http:\/\/elveracruzano.vip\/?p=2281"},"modified":"2022-05-04T10:52:15","modified_gmt":"2022-05-04T15:52:15","slug":"operativo-abril-alcanza-cobertura-de-66-por-ciento-en-aplicacion-de-refuerzos","status":"publish","type":"post","link":"http:\/\/elveracruzano.vip\/?p=2281","title":{"rendered":"Operativo ABRIL alcanza cobertura de 66 por ciento en aplicaci\u00f3n de refuerzos"},"content":{"rendered":"\n<p><strong>#GobiernoDeM\u00e9xico<\/strong>.- El presidente Andr\u00e9s Manuel L\u00f3pez Obrador asegur\u00f3 que continuar\u00e1 la vacunaci\u00f3n contra COVID-19 en hospitales y centros de salud.<\/p>\n\n\n\n<p>El personal de salud aplicar\u00e1 dosis de primera vez, completar\u00e1 esquemas y pondr\u00e1 refuerzos. En esta modalidad estar\u00e1n incluidas las ni\u00f1as y ni\u00f1os sin comorbilidades, que ya pueden protegerse a partir de los 12 a\u00f1os.<\/p>\n\n\n\n<p>\u201cVamos a seguir vacunando; se van a vacunar a los ni\u00f1os, pero ya no es lo mismo, afortunadamente. Ya no es el dolor, el sufrimiento de los momentos m\u00e1s dif\u00edciles de la pandemia. (&#8230;) De todas maneras no vamos a confiarnos, nos seguimos reuniendo dos veces a la semana los lunes y los jueves todo el equipo de salud\u201d, apunt\u00f3.<\/p>\n\n\n\n<p>El subsecretario de Prevenci\u00f3n y Promoci\u00f3n de la Salud, Hugo L\u00f3pez-Gatell Ram\u00edrez, inform\u00f3 que la cobertura de vacunaci\u00f3n contra COVID-19 en personas mayores de 18 a\u00f1os registra un avance del 91 por ciento y en menores de 14 a 17 a\u00f1os se ubica en 55 por ciento.<\/p>\n\n\n\n<p><strong>#ElVeracruzanoVip<\/strong><\/p>\n","protected":false},"excerpt":{"rendered":"<p>#GobiernoDeM\u00e9xico.- El presidente Andr\u00e9s Manuel L\u00f3pez Obrador asegur\u00f3 que continuar\u00e1 la vacunaci\u00f3n contra COVID-19 en hospitales y centros de salud.<\/p>\n","protected":false},"author":4,"featured_media":2282,"comment_status":"open","ping_status":"open","sticky":false,"template":"","format":"standard","meta":{"colormag_page_container_layout":"default_layout","colormag_page_sidebar_layout":"default_layout","rop_custom_images_group":[],"rop_custom_messages_group":[],"rop_publish_now":"initial","rop_publish_now_accounts":{"facebook_109133384920963_108472061465099":""},"rop_publish_now_history":[],"rop_publish_now_status":"pending","footnotes":""},"categories":[13],"tags":[45,26,20,29,19,21,23,22],"class_list":["post-2281","post","type-post","status-publish","format-standard","has-post-thumbnail","hentry","category-principales","tag-amlo","tag-el-veracruzano-vip","tag-enterate","tag-gobierno-de-mexico","tag-redes-sociales","tag-ultima-hora","tag-ultimas-noticias","tag-ultimo-minuto"],"_links":{"self":[{"href":"http:\/\/elveracruzano.vip\/index.php?rest_route=\/wp\/v2\/posts\/2281","targetHints":{"allow":["GET"]}}],"collection":[{"href":"http:\/\/elveracruzano.vip\/index.php?rest_route=\/wp\/v2\/posts"}],"about":[{"href":"http:\/\/elveracruzano.vip\/index.php?rest_route=\/wp\/v2\/types\/post"}],"author":[{"embeddable":true,"href":"http:\/\/elveracruzano.vip\/index.php?rest_route=\/wp\/v2\/users\/4"}],"replies":[{"embeddable":true,"href":"http:\/\/elveracruzano.vip\/index.php?rest_route=%2Fwp%2Fv2%2Fcomments&post=2281"}],"version-history":[{"count":2,"href":"http:\/\/elveracruzano.vip\/index.php?rest_route=\/wp\/v2\/posts\/2281\/revisions"}],"predecessor-version":[{"id":2308,"href":"http:\/\/elveracruzano.vip\/index.php?rest_route=\/wp\/v2\/posts\/2281\/revisions\/2308"}],"wp:featuredmedia":[{"embeddable":true,"href":"http:\/\/elveracruzano.vip\/index.php?rest_route=\/wp\/v2\/media\/2282"}],"wp:attachment":[{"href":"http:\/\/elveracruzano.vip\/index.php?rest_route=%2Fwp%2Fv2%2Fmedia&parent=2281"}],"wp:term":[{"taxonomy":"category","embeddable":true,"href":"http:\/\/elveracruzano.vip\/index.php?rest_route=%2Fwp%2Fv2%2Fcategories&post=2281"},{"taxonomy":"post_tag","embeddable":true,"href":"http:\/\/elveracruzano.vip\/index.php?rest_route=%2Fwp%2Fv2%2Ftags&post=2281"}],"curies":[{"name":"wp","href":"https:\/\/api.w.org\/{rel}","templated":true}]}}