{"id":2228,"date":"2022-04-27T10:34:18","date_gmt":"2022-04-27T15:34:18","guid":{"rendered":"http:\/\/elveracruzano.vip\/?p=2228"},"modified":"2022-04-27T10:34:19","modified_gmt":"2022-04-27T15:34:19","slug":"presenta-paty-lobeira-alcaldesa-de-veracruz-estrategia-integral","status":"publish","type":"post","link":"http:\/\/elveracruzano.vip\/?p=2228","title":{"rendered":"Presenta Paty Lobeira, alcaldesa de Veracruz, Estrategia Integral"},"content":{"rendered":"\n<p><strong>#Veracruz, #Ver.<\/strong>&#8211; Con el objetivo de que las y los jarochos vivan mejor y sean m\u00e1s felices, la alcaldesa de Veracruz, Paty Lobeira present\u00f3 la Estrategia Integral la cual regir\u00e1 el gobierno \u201cVeracruz Sonr\u00ede\u201d. <\/p>\n\n\n\n<p>Estar\u00e1 conformada por 5 ejes: Veracruz de Todos, Veracruz Emprende, Veracruz Seguro, Veracruz Transforma y Veracruz Vive. Con estas acciones en materia de desarrollo social, educaci\u00f3n, reactivaci\u00f3n econ\u00f3mica, reforzamiento de la seguridad, obra p\u00fablica e infraestructura, as\u00ed como el deporte, la cultura y las artes. <\/p>\n\n\n\n<p>\u00abVeracruz se transformar\u00e1 en un lugar en el que nadie se quede atr\u00e1s, donde todas y todos puedan vivir en armon\u00eda y desarrollar todo su potencial\u00bb, expres\u00f3 la alcaldesa.<\/p>\n\n\n\n<div class=\"wp-block-image\"><figure class=\"aligncenter size-large is-resized\"><img loading=\"lazy\" decoding=\"async\" src=\"http:\/\/elveracruzano.vip\/wp-content\/uploads\/2022\/04\/vera2-1024x683.jpg\" alt=\"\" class=\"wp-image-2229\" width=\"471\" height=\"314\" srcset=\"http:\/\/elveracruzano.vip\/wp-content\/uploads\/2022\/04\/vera2-1024x683.jpg 1024w, http:\/\/elveracruzano.vip\/wp-content\/uploads\/2022\/04\/vera2-300x200.jpg 300w, http:\/\/elveracruzano.vip\/wp-content\/uploads\/2022\/04\/vera2-768x512.jpg 768w, http:\/\/elveracruzano.vip\/wp-content\/uploads\/2022\/04\/vera2-1536x1024.jpg 1536w, http:\/\/elveracruzano.vip\/wp-content\/uploads\/2022\/04\/vera2-600x400.jpg 600w, http:\/\/elveracruzano.vip\/wp-content\/uploads\/2022\/04\/vera2.jpg 2048w\" sizes=\"auto, (max-width: 471px) 100vw, 471px\" \/><\/figure><\/div>\n\n\n\n<p><strong>#ElVeracruzanoVip<\/strong><\/p>\n","protected":false},"excerpt":{"rendered":"<p>#Veracruz, #Ver.&#8211; Con el objetivo de que las y los jarochos vivan mejor y sean m\u00e1s felices, la alcaldesa de<\/p>\n","protected":false},"author":4,"featured_media":2230,"comment_status":"open","ping_status":"open","sticky":false,"template":"","format":"standard","meta":{"colormag_page_container_layout":"default_layout","colormag_page_sidebar_layout":"default_layout","rop_custom_images_group":[],"rop_custom_messages_group":[],"rop_publish_now":"initial","rop_publish_now_accounts":{"facebook_109133384920963_108472061465099":""},"rop_publish_now_history":[],"rop_publish_now_status":"pending","footnotes":""},"categories":[8],"tags":[26,20,18,69,46,19,21,23,22,90],"class_list":["post-2228","post","type-post","status-publish","format-standard","has-post-thumbnail","hentry","category-alcaldesas","tag-el-veracruzano-vip","tag-enterate","tag-gobierno-del-estado-de-veracruz","tag-municipio-de-veracruz","tag-patricia-lobeira-rodriguez","tag-redes-sociales","tag-ultima-hora","tag-ultimas-noticias","tag-ultimo-minuto","tag-veracruz-ciudad-y-puerto"],"_links":{"self":[{"href":"http:\/\/elveracruzano.vip\/index.php?rest_route=\/wp\/v2\/posts\/2228","targetHints":{"allow":["GET"]}}],"collection":[{"href":"http:\/\/elveracruzano.vip\/index.php?rest_route=\/wp\/v2\/posts"}],"about":[{"href":"http:\/\/elveracruzano.vip\/index.php?rest_route=\/wp\/v2\/types\/post"}],"author":[{"embeddable":true,"href":"http:\/\/elveracruzano.vip\/index.php?rest_route=\/wp\/v2\/users\/4"}],"replies":[{"embeddable":true,"href":"http:\/\/elveracruzano.vip\/index.php?rest_route=%2Fwp%2Fv2%2Fcomments&post=2228"}],"version-history":[{"count":1,"href":"http:\/\/elveracruzano.vip\/index.php?rest_route=\/wp\/v2\/posts\/2228\/revisions"}],"predecessor-version":[{"id":2231,"href":"http:\/\/elveracruzano.vip\/index.php?rest_route=\/wp\/v2\/posts\/2228\/revisions\/2231"}],"wp:featuredmedia":[{"embeddable":true,"href":"http:\/\/elveracruzano.vip\/index.php?rest_route=\/wp\/v2\/media\/2230"}],"wp:attachment":[{"href":"http:\/\/elveracruzano.vip\/index.php?rest_route=%2Fwp%2Fv2%2Fmedia&parent=2228"}],"wp:term":[{"taxonomy":"category","embeddable":true,"href":"http:\/\/elveracruzano.vip\/index.php?rest_route=%2Fwp%2Fv2%2Fcategories&post=2228"},{"taxonomy":"post_tag","embeddable":true,"href":"http:\/\/elveracruzano.vip\/index.php?rest_route=%2Fwp%2Fv2%2Ftags&post=2228"}],"curies":[{"name":"wp","href":"https:\/\/api.w.org\/{rel}","templated":true}]}}