{"id":2205,"date":"2022-04-25T11:32:26","date_gmt":"2022-04-25T16:32:26","guid":{"rendered":"http:\/\/elveracruzano.vip\/?p=2205"},"modified":"2022-04-25T11:32:27","modified_gmt":"2022-04-25T16:32:27","slug":"recorrido-virtual-por-el-museo-de-antropologia","status":"publish","type":"post","link":"http:\/\/elveracruzano.vip\/?p=2205","title":{"rendered":"Recorrido virtual por el Museo de Antropolog\u00eda"},"content":{"rendered":"\n<p><strong>#Eventos.-<\/strong> En esta ocasi\u00f3n visitaremos de forma virtual uno de los recintos muse\u00edsticos m\u00e1s importantes del pa\u00eds: el Museo de Antropolog\u00eda. Recorreremos algunas de las salas seleccionando las piezas representativas y de la cultura a la que pertenece.<\/p>\n\n\n\n<p>El recorrido lo narrara el arque\u00f3logo Gerardo Orozco especialista en el tema quien, apoyado en planos, fotograf\u00edas actuales y antiguas nos hablara de la historia del recinto, de las culturas prehisp\u00e1nicas, de la iconograf\u00eda e historia de cada pieza y sala y tu aprender\u00e1s historia, arte, arqueolog\u00eda, iconograf\u00eda y religi\u00f3n.<\/p>\n\n\n\n<p>Puntos para visitar<br>\u2022 Sala culturas del Precl\u00e1sico<br>\u2022 Sala Teotihuacana<br>\u2022 Sala Tolteca<br>\u2022 Sala Mexica<\/p>\n\n\n\n<p><strong>#ElVeracruzanoVip<\/strong><\/p>\n","protected":false},"excerpt":{"rendered":"<p>#Eventos.- En esta ocasi\u00f3n visitaremos de forma virtual uno de los recintos muse\u00edsticos m\u00e1s importantes del pa\u00eds: el Museo de<\/p>\n","protected":false},"author":4,"featured_media":2206,"comment_status":"open","ping_status":"open","sticky":false,"template":"","format":"standard","meta":{"colormag_page_container_layout":"default_layout","colormag_page_sidebar_layout":"default_layout","rop_custom_images_group":[],"rop_custom_messages_group":[],"rop_publish_now":"initial","rop_publish_now_accounts":{"facebook_109133384920963_108472061465099":""},"rop_publish_now_history":[],"rop_publish_now_status":"pending","footnotes":""},"categories":[9],"tags":[17,26,20,18,19,21,23,22],"class_list":["post-2205","post","type-post","status-publish","format-standard","has-post-thumbnail","hentry","category-eventos-especiales","tag-cuitlahuac-garcia-jimenez","tag-el-veracruzano-vip","tag-enterate","tag-gobierno-del-estado-de-veracruz","tag-redes-sociales","tag-ultima-hora","tag-ultimas-noticias","tag-ultimo-minuto"],"_links":{"self":[{"href":"http:\/\/elveracruzano.vip\/index.php?rest_route=\/wp\/v2\/posts\/2205","targetHints":{"allow":["GET"]}}],"collection":[{"href":"http:\/\/elveracruzano.vip\/index.php?rest_route=\/wp\/v2\/posts"}],"about":[{"href":"http:\/\/elveracruzano.vip\/index.php?rest_route=\/wp\/v2\/types\/post"}],"author":[{"embeddable":true,"href":"http:\/\/elveracruzano.vip\/index.php?rest_route=\/wp\/v2\/users\/4"}],"replies":[{"embeddable":true,"href":"http:\/\/elveracruzano.vip\/index.php?rest_route=%2Fwp%2Fv2%2Fcomments&post=2205"}],"version-history":[{"count":1,"href":"http:\/\/elveracruzano.vip\/index.php?rest_route=\/wp\/v2\/posts\/2205\/revisions"}],"predecessor-version":[{"id":2207,"href":"http:\/\/elveracruzano.vip\/index.php?rest_route=\/wp\/v2\/posts\/2205\/revisions\/2207"}],"wp:featuredmedia":[{"embeddable":true,"href":"http:\/\/elveracruzano.vip\/index.php?rest_route=\/wp\/v2\/media\/2206"}],"wp:attachment":[{"href":"http:\/\/elveracruzano.vip\/index.php?rest_route=%2Fwp%2Fv2%2Fmedia&parent=2205"}],"wp:term":[{"taxonomy":"category","embeddable":true,"href":"http:\/\/elveracruzano.vip\/index.php?rest_route=%2Fwp%2Fv2%2Fcategories&post=2205"},{"taxonomy":"post_tag","embeddable":true,"href":"http:\/\/elveracruzano.vip\/index.php?rest_route=%2Fwp%2Fv2%2Ftags&post=2205"}],"curies":[{"name":"wp","href":"https:\/\/api.w.org\/{rel}","templated":true}]}}