{"id":2089,"date":"2022-04-15T10:35:14","date_gmt":"2022-04-15T15:35:14","guid":{"rendered":"http:\/\/elveracruzano.vip\/?p=2089"},"modified":"2022-04-18T10:01:02","modified_gmt":"2022-04-18T15:01:02","slug":"litio-sera-de-los-mexicanos-presidente-reafirma-defensa-de-mineral-estrategico","status":"publish","type":"post","link":"http:\/\/elveracruzano.vip\/?p=2089","title":{"rendered":"Litio ser\u00e1 de los mexicanos: presidente; reafirma defensa de mineral estrat\u00e9gico"},"content":{"rendered":"\n<p><strong>#GobiernoDeM\u00e9xico<\/strong>.- \u201cNo nos van a poner contra la pared; el litio, que lo ambicionan tanto corporaciones como gobiernos extranjeros, va a ser de M\u00e9xico\u201d, afirm\u00f3 el presidente Andr\u00e9s Manuel L\u00f3pez Obrador.<\/p>\n\n\n\n<p>En conferencia de prensa matutina reiter\u00f3 que este mineral estrat\u00e9gico se proteger\u00e1 legalmente por su importancia para el desarrollo de la naci\u00f3n.<\/p>\n\n\n\n<p>\u201cEl litio es el oro blanco y lo ambicionan por eso est\u00e1n en contra de que se reforme la Constituci\u00f3n\u201d, enfatiz\u00f3.<\/p>\n\n\n\n<p>El mandatario conden\u00f3 que los grupos de oposici\u00f3n hayan filtrado al Congreso a un cabildero extranjero en plena discusi\u00f3n de un asunto de inter\u00e9s nacional como lo es la reforma en materia el\u00e9ctrica, la cual se discutir\u00e1 el domingo 17 de abril.<\/p>\n\n\n\n<p>\u201cEs una causal para la aplicaci\u00f3n del art\u00edculo 33 el injerencismo\u201d, subray\u00f3.<\/p>\n\n\n\n<p><strong>#ElVeracruzanoVip<\/strong><\/p>\n","protected":false},"excerpt":{"rendered":"<p>#GobiernoDeM\u00e9xico.- \u201cNo nos van a poner contra la pared; el litio, que lo ambicionan tanto corporaciones como gobiernos extranjeros, va<\/p>\n","protected":false},"author":4,"featured_media":2090,"comment_status":"open","ping_status":"open","sticky":false,"template":"","format":"standard","meta":{"colormag_page_container_layout":"default_layout","colormag_page_sidebar_layout":"default_layout","rop_custom_images_group":[],"rop_custom_messages_group":[],"rop_publish_now":"initial","rop_publish_now_accounts":{"facebook_109133384920963_108472061465099":""},"rop_publish_now_history":[],"rop_publish_now_status":"pending","footnotes":""},"categories":[13],"tags":[45,26,20,29,19,21,23,22],"class_list":["post-2089","post","type-post","status-publish","format-standard","has-post-thumbnail","hentry","category-principales","tag-amlo","tag-el-veracruzano-vip","tag-enterate","tag-gobierno-de-mexico","tag-redes-sociales","tag-ultima-hora","tag-ultimas-noticias","tag-ultimo-minuto"],"_links":{"self":[{"href":"http:\/\/elveracruzano.vip\/index.php?rest_route=\/wp\/v2\/posts\/2089","targetHints":{"allow":["GET"]}}],"collection":[{"href":"http:\/\/elveracruzano.vip\/index.php?rest_route=\/wp\/v2\/posts"}],"about":[{"href":"http:\/\/elveracruzano.vip\/index.php?rest_route=\/wp\/v2\/types\/post"}],"author":[{"embeddable":true,"href":"http:\/\/elveracruzano.vip\/index.php?rest_route=\/wp\/v2\/users\/4"}],"replies":[{"embeddable":true,"href":"http:\/\/elveracruzano.vip\/index.php?rest_route=%2Fwp%2Fv2%2Fcomments&post=2089"}],"version-history":[{"count":2,"href":"http:\/\/elveracruzano.vip\/index.php?rest_route=\/wp\/v2\/posts\/2089\/revisions"}],"predecessor-version":[{"id":2109,"href":"http:\/\/elveracruzano.vip\/index.php?rest_route=\/wp\/v2\/posts\/2089\/revisions\/2109"}],"wp:featuredmedia":[{"embeddable":true,"href":"http:\/\/elveracruzano.vip\/index.php?rest_route=\/wp\/v2\/media\/2090"}],"wp:attachment":[{"href":"http:\/\/elveracruzano.vip\/index.php?rest_route=%2Fwp%2Fv2%2Fmedia&parent=2089"}],"wp:term":[{"taxonomy":"category","embeddable":true,"href":"http:\/\/elveracruzano.vip\/index.php?rest_route=%2Fwp%2Fv2%2Fcategories&post=2089"},{"taxonomy":"post_tag","embeddable":true,"href":"http:\/\/elveracruzano.vip\/index.php?rest_route=%2Fwp%2Fv2%2Ftags&post=2089"}],"curies":[{"name":"wp","href":"https:\/\/api.w.org\/{rel}","templated":true}]}}