{"id":2068,"date":"2022-04-13T16:54:00","date_gmt":"2022-04-13T21:54:00","guid":{"rendered":"http:\/\/elveracruzano.vip\/?p=2068"},"modified":"2022-04-13T09:55:56","modified_gmt":"2022-04-13T14:55:56","slug":"jueces-avalan-uso-obligatorio-de-cubrebocas-para-evitar-contagios-de-covid-19-en-ecatepec","status":"publish","type":"post","link":"http:\/\/elveracruzano.vip\/?p=2068","title":{"rendered":"Jueces avalan uso obligatorio de cubrebocas para evitar contagios de Covid-19 en Ecatepec"},"content":{"rendered":"\n<p><strong>#Ecatepec<\/strong>, <strong>#EstadoDeM\u00e9xico<\/strong>.- Jueces federales avalaron las reformas realizadas por el gobierno de Ecatepec al Bando Municipal\u00a0 para hacer obligatorio el uso de cubrebocas en espacios p\u00fablicos para disminuir el riesgo de contagios de Covid-19, al negar el otorgamiento de amparos promovidos por dos ciudadanos en contra de la medida aprobada por unanimidad por el cabildo, inform\u00f3 el presidente municipal Fernando Vilchis Contreras.<\/p>\n\n\n\n<p>Los Juzgados S\u00e9ptimo y D\u00e9cimo de Distrito del Estado De M\u00e9xico con sede en el municipio de Naucalpan, fallaron a favor del Gobierno de Ecatepec en la solicitudes de amparo interpuestas por dos vecinos del municipio en contra del uso obligatorio del cubrebocas.<\/p>\n\n\n\n<p>En la resoluci\u00f3n de las solicitudes de amparo presentada, los jueces se pronunciaron&nbsp; porque se mantenga el uso obligatorio del cubrebocas entre la poblaci\u00f3n del municipio, ya que con la medida \u201cse aprecia que existe un inter\u00e9s superior que es el de la sociedad, a efecto de que se cumpla con la citada normativa primordialmente para evitar que se ocasione un da\u00f1o grave a las personas, evitando que se contagien, lo que denota que lo que se pretende proteger es el bienestar p\u00fablico o el inter\u00e9s social\u201d.<\/p>\n\n\n\n<p>Las solicitudes de amparo quedaron asentadas en los expedientes 37\/2022-III y 48\/2022-III.<\/p>\n\n\n\n<p>En ambas resoluciones, los jueces avalaron la disposici\u00f3n asentada en el art\u00edculo 164 de Bando Municipal que establece como obligatorio el uso de la mascarilla\u00a0 en centros comerciales, mercados, transporte p\u00fablico y el primer cuadro del municipio, para combatir la pandemia por coronavirus.\u00a0<\/p>\n\n\n\n<p><strong>#ElVeracruzanoVip<\/strong><\/p>\n","protected":false},"excerpt":{"rendered":"<p>#Ecatepec, #EstadoDeM\u00e9xico.- Jueces federales avalaron las reformas realizadas por el gobierno de Ecatepec al Bando Municipal\u00a0 para hacer obligatorio el<\/p>\n","protected":false},"author":4,"featured_media":2069,"comment_status":"open","ping_status":"open","sticky":false,"template":"","format":"standard","meta":{"colormag_page_container_layout":"default_layout","colormag_page_sidebar_layout":"default_layout","rop_custom_images_group":[],"rop_custom_messages_group":[],"rop_publish_now":"initial","rop_publish_now_accounts":{"facebook_109133384920963_108472061465099":""},"rop_publish_now_history":[],"rop_publish_now_status":"pending","footnotes":""},"categories":[12],"tags":[86,26,20,85,19,21,23,22],"class_list":["post-2068","post","type-post","status-publish","format-standard","has-post-thumbnail","hentry","category-municipios-en-mexico","tag-dif-ecatepec-de-morelos","tag-el-veracruzano-vip","tag-enterate","tag-gobierno-de-ecatepec-de-morelos","tag-redes-sociales","tag-ultima-hora","tag-ultimas-noticias","tag-ultimo-minuto"],"_links":{"self":[{"href":"http:\/\/elveracruzano.vip\/index.php?rest_route=\/wp\/v2\/posts\/2068","targetHints":{"allow":["GET"]}}],"collection":[{"href":"http:\/\/elveracruzano.vip\/index.php?rest_route=\/wp\/v2\/posts"}],"about":[{"href":"http:\/\/elveracruzano.vip\/index.php?rest_route=\/wp\/v2\/types\/post"}],"author":[{"embeddable":true,"href":"http:\/\/elveracruzano.vip\/index.php?rest_route=\/wp\/v2\/users\/4"}],"replies":[{"embeddable":true,"href":"http:\/\/elveracruzano.vip\/index.php?rest_route=%2Fwp%2Fv2%2Fcomments&post=2068"}],"version-history":[{"count":1,"href":"http:\/\/elveracruzano.vip\/index.php?rest_route=\/wp\/v2\/posts\/2068\/revisions"}],"predecessor-version":[{"id":2070,"href":"http:\/\/elveracruzano.vip\/index.php?rest_route=\/wp\/v2\/posts\/2068\/revisions\/2070"}],"wp:featuredmedia":[{"embeddable":true,"href":"http:\/\/elveracruzano.vip\/index.php?rest_route=\/wp\/v2\/media\/2069"}],"wp:attachment":[{"href":"http:\/\/elveracruzano.vip\/index.php?rest_route=%2Fwp%2Fv2%2Fmedia&parent=2068"}],"wp:term":[{"taxonomy":"category","embeddable":true,"href":"http:\/\/elveracruzano.vip\/index.php?rest_route=%2Fwp%2Fv2%2Fcategories&post=2068"},{"taxonomy":"post_tag","embeddable":true,"href":"http:\/\/elveracruzano.vip\/index.php?rest_route=%2Fwp%2Fv2%2Ftags&post=2068"}],"curies":[{"name":"wp","href":"https:\/\/api.w.org\/{rel}","templated":true}]}}