{"id":1941,"date":"2022-03-31T16:59:00","date_gmt":"2022-03-31T22:59:00","guid":{"rendered":"http:\/\/elveracruzano.vip\/?p=1941"},"modified":"2022-03-31T12:01:42","modified_gmt":"2022-03-31T18:01:42","slug":"arranca-la-macro-feria-infantil-aprendo-a-cuidarme","status":"publish","type":"post","link":"http:\/\/elveracruzano.vip\/?p=1941","title":{"rendered":"Arranca la Macro Feria Infantil: \u201cAprendo a cuidarme\u201d"},"content":{"rendered":"\n<p><strong>#GobiernoDeVeracruz<\/strong>.- \u201cBienvenidos; \u00e9sta es su Feria, disfruten de ella\u2026 \u00a1Todos a jugar!\u201d, fue como el gobernador Cuitl\u00e1huac Garc\u00eda Jim\u00e9nez inaugur\u00f3 la Macro Feria Infantil \u201cAprendo a cuidarme\u201d y anim\u00f3 a las ni\u00f1as, ni\u00f1os y adolescentes presentes en el Museo Kan\u00e1, donde disfrutar\u00e1n hasta el 06 de abril de todo tipo de actividades l\u00fadicas.<\/p>\n\n\n\n<p>Luego de agradecer el trabajo de 11 dependencias que coordinan este programa, el mandatario invit\u00f3 a las autoridades a recorrer los stands y ver c\u00f3mo los peque\u00f1os se divierten mientras disfrutan de un espacio rehabilitado precisamente para su sano esparcimiento y desarrollo.<\/p>\n\n\n\n<p>Destac\u00f3 tambi\u00e9n la energ\u00eda del grupo de rock SEVale Todo, de la Direcci\u00f3n de Actividades Art\u00edsticas de la Secretar\u00eda de Educaci\u00f3n de Veracruz, acompa\u00f1ado por los titulares de las secretar\u00edas de Salud, Roberto Ramos Alor, y de Protecci\u00f3n Civil, Guadalupe Osorno Maldonado.<\/p>\n\n\n\n<p>A su vez, la servidora p\u00fablica se\u00f1al\u00f3 que una de las tareas del Gobierno es cambiar la perspectiva social mediante una mentalidad de bienestar, cuidado del medio ambiente y desarrollo integral; confiando en que este evento tendr\u00e1 importantes frutos y sentar\u00e1 un gran precedente.<\/p>\n\n\n\n<p><strong>#ElVeracruzanoVip<\/strong><\/p>\n","protected":false},"excerpt":{"rendered":"<p>#GobiernoDeVeracruz.- \u201cBienvenidos; \u00e9sta es su Feria, disfruten de ella\u2026 \u00a1Todos a jugar!\u201d, fue como el gobernador Cuitl\u00e1huac Garc\u00eda Jim\u00e9nez inaugur\u00f3<\/p>\n","protected":false},"author":4,"featured_media":1942,"comment_status":"open","ping_status":"open","sticky":false,"template":"","format":"standard","meta":{"colormag_page_container_layout":"default_layout","colormag_page_sidebar_layout":"default_layout","rop_custom_images_group":[],"rop_custom_messages_group":[],"rop_publish_now":"initial","rop_publish_now_accounts":{"facebook_109133384920963_108472061465099":""},"rop_publish_now_history":[],"rop_publish_now_status":"pending","footnotes":""},"categories":[14],"tags":[17,26,20,18,19,21,23,22],"class_list":["post-1941","post","type-post","status-publish","format-standard","has-post-thumbnail","hentry","category-secretarias","tag-cuitlahuac-garcia-jimenez","tag-el-veracruzano-vip","tag-enterate","tag-gobierno-del-estado-de-veracruz","tag-redes-sociales","tag-ultima-hora","tag-ultimas-noticias","tag-ultimo-minuto"],"_links":{"self":[{"href":"http:\/\/elveracruzano.vip\/index.php?rest_route=\/wp\/v2\/posts\/1941","targetHints":{"allow":["GET"]}}],"collection":[{"href":"http:\/\/elveracruzano.vip\/index.php?rest_route=\/wp\/v2\/posts"}],"about":[{"href":"http:\/\/elveracruzano.vip\/index.php?rest_route=\/wp\/v2\/types\/post"}],"author":[{"embeddable":true,"href":"http:\/\/elveracruzano.vip\/index.php?rest_route=\/wp\/v2\/users\/4"}],"replies":[{"embeddable":true,"href":"http:\/\/elveracruzano.vip\/index.php?rest_route=%2Fwp%2Fv2%2Fcomments&post=1941"}],"version-history":[{"count":1,"href":"http:\/\/elveracruzano.vip\/index.php?rest_route=\/wp\/v2\/posts\/1941\/revisions"}],"predecessor-version":[{"id":1943,"href":"http:\/\/elveracruzano.vip\/index.php?rest_route=\/wp\/v2\/posts\/1941\/revisions\/1943"}],"wp:featuredmedia":[{"embeddable":true,"href":"http:\/\/elveracruzano.vip\/index.php?rest_route=\/wp\/v2\/media\/1942"}],"wp:attachment":[{"href":"http:\/\/elveracruzano.vip\/index.php?rest_route=%2Fwp%2Fv2%2Fmedia&parent=1941"}],"wp:term":[{"taxonomy":"category","embeddable":true,"href":"http:\/\/elveracruzano.vip\/index.php?rest_route=%2Fwp%2Fv2%2Fcategories&post=1941"},{"taxonomy":"post_tag","embeddable":true,"href":"http:\/\/elveracruzano.vip\/index.php?rest_route=%2Fwp%2Fv2%2Ftags&post=1941"}],"curies":[{"name":"wp","href":"https:\/\/api.w.org\/{rel}","templated":true}]}}