{"id":1853,"date":"2022-03-24T16:35:00","date_gmt":"2022-03-24T22:35:00","guid":{"rendered":"http:\/\/elveracruzano.vip\/?p=1853"},"modified":"2022-03-24T10:37:21","modified_gmt":"2022-03-24T16:37:21","slug":"actualiza-sedecop-a-emprendedores-de-la-zona-sur-en-materia-de-comercio-y-competitividad","status":"publish","type":"post","link":"http:\/\/elveracruzano.vip\/?p=1853","title":{"rendered":"Actualiza SEDECOP a emprendedores de la zona sur en materia de comercio y competitividad"},"content":{"rendered":"\n<p><strong>#Coatzacoalcos<\/strong>,<strong> #Ver<\/strong>.- La Secretar\u00eda de Desarrollo Econ\u00f3mico y Portuario (SEDECOP), a trav\u00e9s de la Subsecretar\u00eda de Promoci\u00f3n y Apoyo al Comercio y Servicios, capacit\u00f3 a m\u00e1s de 100 emprendedores, comerciantes y empresarios de la zona sur en materia de impulso a la calidad y competitividad.<\/p>\n\n\n\n<p>A trav\u00e9s del taller Inteligencia Colectiva para el Desarrollo Econ\u00f3mico, la dependencia actualiz\u00f3 tambi\u00e9n la informaci\u00f3n referente a promoci\u00f3n y fomento a la inversi\u00f3n, as\u00ed como la integraci\u00f3n de sociedades y autoempleo.<\/p>\n\n\n\n<p>El director de Promoci\u00f3n a Emprendedores y MiPyMEs, Everardo Pa\u00edz Malag\u00f3n, explic\u00f3 que junto a la capacitaci\u00f3n y asistencia t\u00e9cnica se brinda acompa\u00f1amiento en registro de marca, c\u00f3digo de barras, empaque, embalaje y estudio de contenido nutricional, dise\u00f1ando para tal fin el sello Hecho en Veracruz, que otorga identidad y sentido de pertenencia a los productos, garantizando su calidad.<\/p>\n\n\n\n<p>La estrategia ha permitido a los usuarios comercializar en la Tienda en L\u00ednea donde ofertan m\u00e1s de 800 productos; mientras que otras herramientas consisten en exposiciones, ferias y las jornadas Promover nos Une, vinculaci\u00f3n con cadenas comerciales, convenios con plataformas de env\u00edo y los premios anuales Artesanal y a la Calidad.<\/p>\n\n\n\n<p><strong>#ElVeracruzanoVip<\/strong><\/p>\n","protected":false},"excerpt":{"rendered":"<p>#Coatzacoalcos, #Ver.- La Secretar\u00eda de Desarrollo Econ\u00f3mico y Portuario (SEDECOP), a trav\u00e9s de la Subsecretar\u00eda de Promoci\u00f3n y Apoyo al<\/p>\n","protected":false},"author":4,"featured_media":1854,"comment_status":"open","ping_status":"open","sticky":false,"template":"","format":"standard","meta":{"colormag_page_container_layout":"default_layout","colormag_page_sidebar_layout":"default_layout","rop_custom_images_group":[],"rop_custom_messages_group":[],"rop_publish_now":"initial","rop_publish_now_accounts":{"facebook_109133384920963_108472061465099":""},"rop_publish_now_history":[],"rop_publish_now_status":"pending","footnotes":""},"categories":[14],"tags":[17,26,20,19,84,21,23,22],"class_list":["post-1853","post","type-post","status-publish","format-standard","has-post-thumbnail","hentry","category-secretarias","tag-cuitlahuac-garcia-jimenez","tag-el-veracruzano-vip","tag-enterate","tag-redes-sociales","tag-secretaria-de-proteccion-civil-del-estado-de-veracruz","tag-ultima-hora","tag-ultimas-noticias","tag-ultimo-minuto"],"_links":{"self":[{"href":"http:\/\/elveracruzano.vip\/index.php?rest_route=\/wp\/v2\/posts\/1853","targetHints":{"allow":["GET"]}}],"collection":[{"href":"http:\/\/elveracruzano.vip\/index.php?rest_route=\/wp\/v2\/posts"}],"about":[{"href":"http:\/\/elveracruzano.vip\/index.php?rest_route=\/wp\/v2\/types\/post"}],"author":[{"embeddable":true,"href":"http:\/\/elveracruzano.vip\/index.php?rest_route=\/wp\/v2\/users\/4"}],"replies":[{"embeddable":true,"href":"http:\/\/elveracruzano.vip\/index.php?rest_route=%2Fwp%2Fv2%2Fcomments&post=1853"}],"version-history":[{"count":1,"href":"http:\/\/elveracruzano.vip\/index.php?rest_route=\/wp\/v2\/posts\/1853\/revisions"}],"predecessor-version":[{"id":1855,"href":"http:\/\/elveracruzano.vip\/index.php?rest_route=\/wp\/v2\/posts\/1853\/revisions\/1855"}],"wp:featuredmedia":[{"embeddable":true,"href":"http:\/\/elveracruzano.vip\/index.php?rest_route=\/wp\/v2\/media\/1854"}],"wp:attachment":[{"href":"http:\/\/elveracruzano.vip\/index.php?rest_route=%2Fwp%2Fv2%2Fmedia&parent=1853"}],"wp:term":[{"taxonomy":"category","embeddable":true,"href":"http:\/\/elveracruzano.vip\/index.php?rest_route=%2Fwp%2Fv2%2Fcategories&post=1853"},{"taxonomy":"post_tag","embeddable":true,"href":"http:\/\/elveracruzano.vip\/index.php?rest_route=%2Fwp%2Fv2%2Ftags&post=1853"}],"curies":[{"name":"wp","href":"https:\/\/api.w.org\/{rel}","templated":true}]}}