{"id":1767,"date":"2022-03-17T14:36:00","date_gmt":"2022-03-17T20:36:00","guid":{"rendered":"http:\/\/elveracruzano.vip\/?p=1767"},"modified":"2022-03-17T10:36:59","modified_gmt":"2022-03-17T16:36:59","slug":"docentes-de-misiones-culturales-reciben-de-sev-altas-definitivas-del-ciclo-escolar-2021-2022","status":"publish","type":"post","link":"http:\/\/elveracruzano.vip\/?p=1767","title":{"rendered":"Docentes de Misiones Culturales reciben de SEV altas definitivas del ciclo escolar 2021-2022"},"content":{"rendered":"\n<p><strong>#Xalapa,<\/strong> <strong>#Ver<\/strong>.- La Secretar\u00eda de Educaci\u00f3n de Veracruz (SEV) otorg\u00f3 a 22 profesores del Departamento de Misiones Culturales los nombramientos de alta definitiva de nuevo ingreso y promoci\u00f3n correspondientes al ciclo escolar 2021-2022.<\/p>\n\n\n\n<p>El subsecretario de Desarrollo Educativo, Mois\u00e9s P\u00e9rez Dom\u00ednguez, indic\u00f3 que tales designaciones son ejemplo del trabajo transparente y honesto por que los trabajadores tengan certeza laboral y mejores condiciones.<\/p>\n\n\n\n<p>A\u00f1adi\u00f3 que el trabajo de Misiones Culturales va de la mano con lo realizado por el Gobierno Federal, a trav\u00e9s de la Nueva Escuela Mexicana, por lo que exhort\u00f3 a renovar planes y programas para el siguiente ciclo, junto con las autoridades educativas involucradas.<\/p>\n\n\n\n<p>Cabe se\u00f1alar que los beneficiarios imparten especialidades en actividades recreativas, agricultura y ganader\u00eda, alba\u00f1iler\u00eda, carpinter\u00eda, Educaci\u00f3n B\u00e1sica para adultos, Educaci\u00f3n Familiar, Educaci\u00f3n para la Salud, radiot\u00e9cnico y jefe de misi\u00f3n 104 y 186.<\/p>\n\n\n\n<p>En nombre de los acreditados, el docente Alberto Cruz Salas agradeci\u00f3 los nombramientos y record\u00f3 que las Misiones Culturales iniciaron en 1923 con el objetivo de promover el mejoramiento econ\u00f3mico, cultural y social de las comunidades rurales y suburbanas marginadas del pa\u00eds.<\/p>\n\n\n\n<p><strong>#ElVeracruzanoVip<\/strong><\/p>\n","protected":false},"excerpt":{"rendered":"<p>#Xalapa, #Ver.- La Secretar\u00eda de Educaci\u00f3n de Veracruz (SEV) otorg\u00f3 a 22 profesores del Departamento de Misiones Culturales los nombramientos<\/p>\n","protected":false},"author":4,"featured_media":1769,"comment_status":"open","ping_status":"open","sticky":false,"template":"","format":"standard","meta":{"colormag_page_container_layout":"default_layout","colormag_page_sidebar_layout":"default_layout","rop_custom_images_group":[],"rop_custom_messages_group":[],"rop_publish_now":"initial","rop_publish_now_accounts":{"facebook_109133384920963_108472061465099":""},"rop_publish_now_history":[],"rop_publish_now_status":"pending","footnotes":""},"categories":[16],"tags":[26,20,18,19,84,21,23,22],"class_list":["post-1767","post","type-post","status-publish","format-standard","has-post-thumbnail","hentry","category-ultima-hora","tag-el-veracruzano-vip","tag-enterate","tag-gobierno-del-estado-de-veracruz","tag-redes-sociales","tag-secretaria-de-proteccion-civil-del-estado-de-veracruz","tag-ultima-hora","tag-ultimas-noticias","tag-ultimo-minuto"],"_links":{"self":[{"href":"http:\/\/elveracruzano.vip\/index.php?rest_route=\/wp\/v2\/posts\/1767","targetHints":{"allow":["GET"]}}],"collection":[{"href":"http:\/\/elveracruzano.vip\/index.php?rest_route=\/wp\/v2\/posts"}],"about":[{"href":"http:\/\/elveracruzano.vip\/index.php?rest_route=\/wp\/v2\/types\/post"}],"author":[{"embeddable":true,"href":"http:\/\/elveracruzano.vip\/index.php?rest_route=\/wp\/v2\/users\/4"}],"replies":[{"embeddable":true,"href":"http:\/\/elveracruzano.vip\/index.php?rest_route=%2Fwp%2Fv2%2Fcomments&post=1767"}],"version-history":[{"count":1,"href":"http:\/\/elveracruzano.vip\/index.php?rest_route=\/wp\/v2\/posts\/1767\/revisions"}],"predecessor-version":[{"id":1770,"href":"http:\/\/elveracruzano.vip\/index.php?rest_route=\/wp\/v2\/posts\/1767\/revisions\/1770"}],"wp:featuredmedia":[{"embeddable":true,"href":"http:\/\/elveracruzano.vip\/index.php?rest_route=\/wp\/v2\/media\/1769"}],"wp:attachment":[{"href":"http:\/\/elveracruzano.vip\/index.php?rest_route=%2Fwp%2Fv2%2Fmedia&parent=1767"}],"wp:term":[{"taxonomy":"category","embeddable":true,"href":"http:\/\/elveracruzano.vip\/index.php?rest_route=%2Fwp%2Fv2%2Fcategories&post=1767"},{"taxonomy":"post_tag","embeddable":true,"href":"http:\/\/elveracruzano.vip\/index.php?rest_route=%2Fwp%2Fv2%2Ftags&post=1767"}],"curies":[{"name":"wp","href":"https:\/\/api.w.org\/{rel}","templated":true}]}}