{"id":1727,"date":"2022-03-15T12:24:01","date_gmt":"2022-03-15T18:24:01","guid":{"rendered":"http:\/\/elveracruzano.vip\/?p=1727"},"modified":"2022-03-15T12:24:02","modified_gmt":"2022-03-15T18:24:02","slug":"atienden-afectaciones-por-frente-frio-35-en-coatzacoalcos","status":"publish","type":"post","link":"http:\/\/elveracruzano.vip\/?p=1727","title":{"rendered":"Atienden afectaciones por Frente Fr\u00edo 35 en Coatzacoalcos"},"content":{"rendered":"\n<p><strong>#Coatzacoalcos<\/strong>, <strong>#Ver<\/strong>.- La Unidad de Protecci\u00f3n Civil Municipal atendi\u00f3 este s\u00e1bado\u00a0<strong>afectaciones por el Frente Fr\u00edo 35<\/strong>\u00a0que impacta a Coatzacoalcos con vientos del norte que seg\u00fan el pron\u00f3stico alcanzar\u00edan rachas de hasta 100 km\/h.<\/p>\n\n\n\n<p>Entre los reportes que elementos de PC y Bomberos han asistido se encuentran postes, mufas, cables, anuncios, \u00e1rboles y bardas ca\u00eddas, as\u00ed como&nbsp;<strong>la fachada de vidrio de una tienda departamental que colaps\u00f3.<\/strong><\/p>\n\n\n\n<p>Asimismo, el personal de Protecci\u00f3n Civil&nbsp;<strong>acudi\u00f3 al llamado de la ciudadan\u00eda<\/strong>&nbsp;que les pidi\u00f3 apoyo por postes, \u00e1rboles y sem\u00e1foros en peligro de venirse abajo y que podr\u00edan provocar da\u00f1os a casas, automovilistas y transe\u00fantes.<\/p>\n\n\n\n<p>Algunas de estas atenciones se dieron en la avenida Universidad Veracruzana, a la altura de la colonia Gaviotas, Pensiones y avenida Las Palmas; asimismo en la \u201cCarretera Ancha\u201d en la Frutos de la Revoluci\u00f3n, por el Puente Coatzacoalcos Uno, entre otros sectores.<\/p>\n\n\n\n<p>Cabe hacer menci\u00f3n que desde las\u00a0<strong>siete de la ma\u00f1ana se encuentra suspendido<\/strong>\u00a0de manera temporal los servicios de transbordadores y lanchas entre Coatzacoalcos y Villa Allende; asimismo, se exhorta a la poblaci\u00f3n y visitantes a no introducirse a la playa ni al mar.<\/p>\n\n\n\n<p><strong>#ElVeracruzanoVip<\/strong><\/p>\n","protected":false},"excerpt":{"rendered":"<p>#Coatzacoalcos, #Ver.- La Unidad de Protecci\u00f3n Civil Municipal atendi\u00f3 este s\u00e1bado\u00a0afectaciones por el Frente Fr\u00edo 35\u00a0que impacta a Coatzacoalcos con<\/p>\n","protected":false},"author":4,"featured_media":1728,"comment_status":"open","ping_status":"open","sticky":false,"template":"","format":"standard","meta":{"colormag_page_container_layout":"default_layout","colormag_page_sidebar_layout":"default_layout","rop_custom_images_group":[],"rop_custom_messages_group":[],"rop_publish_now":"initial","rop_publish_now_accounts":{"facebook_109133384920963_108472061465099":""},"rop_publish_now_history":[],"rop_publish_now_status":"pending","footnotes":""},"categories":[10],"tags":[37,26,20,18,19,21,23,22],"class_list":["post-1727","post","type-post","status-publish","format-standard","has-post-thumbnail","hentry","category-municipios","tag-coatzacoalcos","tag-el-veracruzano-vip","tag-enterate","tag-gobierno-del-estado-de-veracruz","tag-redes-sociales","tag-ultima-hora","tag-ultimas-noticias","tag-ultimo-minuto"],"_links":{"self":[{"href":"http:\/\/elveracruzano.vip\/index.php?rest_route=\/wp\/v2\/posts\/1727","targetHints":{"allow":["GET"]}}],"collection":[{"href":"http:\/\/elveracruzano.vip\/index.php?rest_route=\/wp\/v2\/posts"}],"about":[{"href":"http:\/\/elveracruzano.vip\/index.php?rest_route=\/wp\/v2\/types\/post"}],"author":[{"embeddable":true,"href":"http:\/\/elveracruzano.vip\/index.php?rest_route=\/wp\/v2\/users\/4"}],"replies":[{"embeddable":true,"href":"http:\/\/elveracruzano.vip\/index.php?rest_route=%2Fwp%2Fv2%2Fcomments&post=1727"}],"version-history":[{"count":1,"href":"http:\/\/elveracruzano.vip\/index.php?rest_route=\/wp\/v2\/posts\/1727\/revisions"}],"predecessor-version":[{"id":1729,"href":"http:\/\/elveracruzano.vip\/index.php?rest_route=\/wp\/v2\/posts\/1727\/revisions\/1729"}],"wp:featuredmedia":[{"embeddable":true,"href":"http:\/\/elveracruzano.vip\/index.php?rest_route=\/wp\/v2\/media\/1728"}],"wp:attachment":[{"href":"http:\/\/elveracruzano.vip\/index.php?rest_route=%2Fwp%2Fv2%2Fmedia&parent=1727"}],"wp:term":[{"taxonomy":"category","embeddable":true,"href":"http:\/\/elveracruzano.vip\/index.php?rest_route=%2Fwp%2Fv2%2Fcategories&post=1727"},{"taxonomy":"post_tag","embeddable":true,"href":"http:\/\/elveracruzano.vip\/index.php?rest_route=%2Fwp%2Fv2%2Ftags&post=1727"}],"curies":[{"name":"wp","href":"https:\/\/api.w.org\/{rel}","templated":true}]}}