{"id":1424,"date":"2022-02-22T12:07:23","date_gmt":"2022-02-22T18:07:23","guid":{"rendered":"http:\/\/elveracruzano.vip\/?p=1424"},"modified":"2022-02-22T12:07:25","modified_gmt":"2022-02-22T18:07:25","slug":"con-gran-exito-concluye-el-sistema-dif-orizaba-la-expo-educacion-orizaba-2022","status":"publish","type":"post","link":"http:\/\/elveracruzano.vip\/?p=1424","title":{"rendered":"Con gran \u00e9xito, concluye el sistema DIF Orizaba, la &#8216;Expo Educaci\u00f3n Orizaba 2022&#8217;"},"content":{"rendered":"\n<p><strong>#Orizaba<\/strong>, <strong>#Ver<\/strong>.- Los pasados 17 y 18 de febrero, se llev\u00f3 a cabo en el municipio de Orizaba, la &#8216;Expo Educaci\u00f3n 2022&#8217; en la cual se abordaron, diversas propuestas educativas de la regi\u00f3n. As\u00ed como los informes sobre los cursos del Centro de Capacitaci\u00f3n Laboral en el stand del DIF municipal.<\/p>\n\n\n\n<div class=\"wp-block-image\"><figure class=\"aligncenter size-large is-resized\"><img loading=\"lazy\" decoding=\"async\" src=\"http:\/\/elveracruzano.vip\/wp-content\/uploads\/2022\/02\/oriza2-1024x678.jpg\" alt=\"\" class=\"wp-image-1425\" width=\"477\" height=\"316\" srcset=\"http:\/\/elveracruzano.vip\/wp-content\/uploads\/2022\/02\/oriza2-1024x678.jpg 1024w, http:\/\/elveracruzano.vip\/wp-content\/uploads\/2022\/02\/oriza2-300x199.jpg 300w, http:\/\/elveracruzano.vip\/wp-content\/uploads\/2022\/02\/oriza2-768x509.jpg 768w, http:\/\/elveracruzano.vip\/wp-content\/uploads\/2022\/02\/oriza2-1536x1017.jpg 1536w, http:\/\/elveracruzano.vip\/wp-content\/uploads\/2022\/02\/oriza2-600x397.jpg 600w, http:\/\/elveracruzano.vip\/wp-content\/uploads\/2022\/02\/oriza2.jpg 1848w\" sizes=\"auto, (max-width: 477px) 100vw, 477px\" \/><\/figure><\/div>\n\n\n\n<p><strong>#ElVeracruzanoVip<\/strong><\/p>\n","protected":false},"excerpt":{"rendered":"<p>#Orizaba, #Ver.- Los pasados 17 y 18 de febrero, se llev\u00f3 a cabo en el municipio de Orizaba, la &#8216;Expo<\/p>\n","protected":false},"author":4,"featured_media":1426,"comment_status":"open","ping_status":"open","sticky":false,"template":"","format":"standard","meta":{"colormag_page_container_layout":"default_layout","colormag_page_sidebar_layout":"default_layout","rop_custom_images_group":[],"rop_custom_messages_group":[],"rop_publish_now":"initial","rop_publish_now_accounts":{"facebook_109133384920963_108472061465099":""},"rop_publish_now_history":[],"rop_publish_now_status":"pending","footnotes":""},"categories":[11],"tags":[53,92,26,20,18,19,21,23,22],"class_list":["post-1424","post","type-post","status-publish","format-standard","has-post-thumbnail","hentry","category-municipios-destacados","tag-ayuntamiento-de-orizaba","tag-dif-orizaba","tag-el-veracruzano-vip","tag-enterate","tag-gobierno-del-estado-de-veracruz","tag-redes-sociales","tag-ultima-hora","tag-ultimas-noticias","tag-ultimo-minuto"],"_links":{"self":[{"href":"http:\/\/elveracruzano.vip\/index.php?rest_route=\/wp\/v2\/posts\/1424","targetHints":{"allow":["GET"]}}],"collection":[{"href":"http:\/\/elveracruzano.vip\/index.php?rest_route=\/wp\/v2\/posts"}],"about":[{"href":"http:\/\/elveracruzano.vip\/index.php?rest_route=\/wp\/v2\/types\/post"}],"author":[{"embeddable":true,"href":"http:\/\/elveracruzano.vip\/index.php?rest_route=\/wp\/v2\/users\/4"}],"replies":[{"embeddable":true,"href":"http:\/\/elveracruzano.vip\/index.php?rest_route=%2Fwp%2Fv2%2Fcomments&post=1424"}],"version-history":[{"count":1,"href":"http:\/\/elveracruzano.vip\/index.php?rest_route=\/wp\/v2\/posts\/1424\/revisions"}],"predecessor-version":[{"id":1427,"href":"http:\/\/elveracruzano.vip\/index.php?rest_route=\/wp\/v2\/posts\/1424\/revisions\/1427"}],"wp:featuredmedia":[{"embeddable":true,"href":"http:\/\/elveracruzano.vip\/index.php?rest_route=\/wp\/v2\/media\/1426"}],"wp:attachment":[{"href":"http:\/\/elveracruzano.vip\/index.php?rest_route=%2Fwp%2Fv2%2Fmedia&parent=1424"}],"wp:term":[{"taxonomy":"category","embeddable":true,"href":"http:\/\/elveracruzano.vip\/index.php?rest_route=%2Fwp%2Fv2%2Fcategories&post=1424"},{"taxonomy":"post_tag","embeddable":true,"href":"http:\/\/elveracruzano.vip\/index.php?rest_route=%2Fwp%2Fv2%2Ftags&post=1424"}],"curies":[{"name":"wp","href":"https:\/\/api.w.org\/{rel}","templated":true}]}}