{"id":1377,"date":"2022-02-21T14:29:00","date_gmt":"2022-02-21T20:29:00","guid":{"rendered":"http:\/\/elveracruzano.vip\/?p=1377"},"modified":"2022-02-21T11:31:00","modified_gmt":"2022-02-21T17:31:00","slug":"impulso-a-la-educacion-tecnologica-permitira-solucionar-problemas-regionales-gobernador-cuitlahuac-garcia","status":"publish","type":"post","link":"http:\/\/elveracruzano.vip\/?p=1377","title":{"rendered":"Impulso a la educaci\u00f3n tecnol\u00f3gica permitir\u00e1 solucionar problemas regionales: gobernador Cuitl\u00e1huac Garc\u00eda"},"content":{"rendered":"\n<p><strong>#GobiernoDeVeracruz<\/strong>.- En su visita al Instituto Tecnol\u00f3gico Superior de Naranjos (ITSNA), el gobernador Cuitl\u00e1huac Garc\u00eda Jim\u00e9nez Garc\u00eda expres\u00f3 que el crecimiento econ\u00f3mico e industrial de Veracruz requiere profesionistas para el desarrollo regional, porque son ellos quienes tienen la capacidad de resolver las problem\u00e1ticas en su comunidad.<\/p>\n\n\n\n<p>Lament\u00f3 que por a\u00f1os permaneciera una pol\u00edtica de abandono a la educaci\u00f3n p\u00fablica dejando a las personas sin experiencia, empleo o poder exigir un salario digno; \u201cvamos a luchar porque los j\u00f3venes salgan adelante y eso depender\u00e1 tambi\u00e9n del esfuerzo propio. No seamos pasivos sino proactivos, tomemos cualquier situaci\u00f3n adversa y hagamos la diferencia\u201d.<\/p>\n\n\n\n<p>Acompa\u00f1ado por el secretario de Educaci\u00f3n, Zenyazen Escobar Garc\u00eda, el mandatario destac\u00f3 el proyecto de exploraci\u00f3n espacial que estudiantes del Tecnol\u00f3gico de Veracruz presentar\u00e1n a la NASA, adem\u00e1s del respirador artificial creado por alumnos de P\u00e1nuco, el cual est\u00e1 por recibir la certificaci\u00f3n del sector Salud para su empleo contra las enfermedades respiratorias graves.<\/p>\n\n\n\n<p>\u201c\u00c9se es el nivel al que debemos aspirar todos, con proyectos innovadores que sirvan a la sociedad\u201d, mencion\u00f3 al subrayar el impulso que se da a los institutos tecnol\u00f3gicos a fin de evitar padecer m\u00e1s de profesionistas, recordando cuando durante la emergencia sanitaria hubo que recurrir a la contrataci\u00f3n de m\u00e9dicos cubanos.<\/p>\n\n\n\n<p>Por ello los invit\u00f3 a trascender con cada oportunidad, como el convenio de colaboraci\u00f3n acad\u00e9mica anunciado por el presidente del Consejo de Vinculaci\u00f3n del ITSNA, Mart\u00edn Cervantes Lima, con la Universidad MEF de Turqu\u00eda, que ser\u00e1 de gran impacto en la Huasteca al generar planes de comercializaci\u00f3n y servicios que suplan las necesidades b\u00e1sicas de la poblaci\u00f3n con menos recursos.<\/p>\n\n\n\n<p><strong>#ElVeracruzanoVip<\/strong><\/p>\n","protected":false},"excerpt":{"rendered":"<p>#GobiernoDeVeracruz.- En su visita al Instituto Tecnol\u00f3gico Superior de Naranjos (ITSNA), el gobernador Cuitl\u00e1huac Garc\u00eda Jim\u00e9nez Garc\u00eda expres\u00f3 que el<\/p>\n","protected":false},"author":4,"featured_media":1378,"comment_status":"open","ping_status":"open","sticky":false,"template":"","format":"standard","meta":{"colormag_page_container_layout":"default_layout","colormag_page_sidebar_layout":"default_layout","rop_custom_images_group":[],"rop_custom_messages_group":[],"rop_publish_now":"initial","rop_publish_now_accounts":{"facebook_109133384920963_108472061465099":""},"rop_publish_now_history":[],"rop_publish_now_status":"pending","footnotes":""},"categories":[16],"tags":[26,20,18,24,19,84,21,23,22],"class_list":["post-1377","post","type-post","status-publish","format-standard","has-post-thumbnail","hentry","category-ultima-hora","tag-el-veracruzano-vip","tag-enterate","tag-gobierno-del-estado-de-veracruz","tag-morena-veracruz","tag-redes-sociales","tag-secretaria-de-proteccion-civil-del-estado-de-veracruz","tag-ultima-hora","tag-ultimas-noticias","tag-ultimo-minuto"],"_links":{"self":[{"href":"http:\/\/elveracruzano.vip\/index.php?rest_route=\/wp\/v2\/posts\/1377","targetHints":{"allow":["GET"]}}],"collection":[{"href":"http:\/\/elveracruzano.vip\/index.php?rest_route=\/wp\/v2\/posts"}],"about":[{"href":"http:\/\/elveracruzano.vip\/index.php?rest_route=\/wp\/v2\/types\/post"}],"author":[{"embeddable":true,"href":"http:\/\/elveracruzano.vip\/index.php?rest_route=\/wp\/v2\/users\/4"}],"replies":[{"embeddable":true,"href":"http:\/\/elveracruzano.vip\/index.php?rest_route=%2Fwp%2Fv2%2Fcomments&post=1377"}],"version-history":[{"count":1,"href":"http:\/\/elveracruzano.vip\/index.php?rest_route=\/wp\/v2\/posts\/1377\/revisions"}],"predecessor-version":[{"id":1379,"href":"http:\/\/elveracruzano.vip\/index.php?rest_route=\/wp\/v2\/posts\/1377\/revisions\/1379"}],"wp:featuredmedia":[{"embeddable":true,"href":"http:\/\/elveracruzano.vip\/index.php?rest_route=\/wp\/v2\/media\/1378"}],"wp:attachment":[{"href":"http:\/\/elveracruzano.vip\/index.php?rest_route=%2Fwp%2Fv2%2Fmedia&parent=1377"}],"wp:term":[{"taxonomy":"category","embeddable":true,"href":"http:\/\/elveracruzano.vip\/index.php?rest_route=%2Fwp%2Fv2%2Fcategories&post=1377"},{"taxonomy":"post_tag","embeddable":true,"href":"http:\/\/elveracruzano.vip\/index.php?rest_route=%2Fwp%2Fv2%2Ftags&post=1377"}],"curies":[{"name":"wp","href":"https:\/\/api.w.org\/{rel}","templated":true}]}}