{"id":1222,"date":"2022-02-11T14:55:00","date_gmt":"2022-02-11T20:55:00","guid":{"rendered":"http:\/\/elveracruzano.vip\/?p=1222"},"modified":"2022-02-11T11:56:46","modified_gmt":"2022-02-11T17:56:46","slug":"llevo-a-cabo-el-gobierno-de-veracruz-el-concurso-la-estancia-mas-limpia","status":"publish","type":"post","link":"http:\/\/elveracruzano.vip\/?p=1222","title":{"rendered":"Llev\u00f3 a cabo el gobierno de Veracruz, el Concurso \u201cLa Estancia M\u00e1s Limpia\u00bb"},"content":{"rendered":"\n<p><strong>#GobiernoDeVeracruz<\/strong>.- Con el objetivo de fomentar entre las Personas Privadas de la Libertad, h\u00e1bitos de limpieza, orden y disciplina, se llev\u00f3 a cabo el Concurso \u201cLa Estancia M\u00e1s Limpia\u00bb, en los 17 Centros Penitenciarios del Estado.<\/p>\n\n\n\n<p>Donde a trav\u00e9s de paredes limpias, pisos reci\u00e9n lavados, espacios amplios y ordenados, se observ\u00f3 a la poblaci\u00f3n penitenciaria realizando diversas actividades. Por lo que se calific\u00f3 y premi\u00f3 a las estancias ganadoras.<\/p>\n\n\n\n<p>Con estas acciones la Secretar\u00eda de Seguridad Publica a trav\u00e9s de la Direcci\u00f3n General de Prevenci\u00f3n y Reinserci\u00f3n Social, garantiza espacios dignos y de sana convivencia a la poblaci\u00f3n penitenciaria.<\/p>\n\n\n\n<p><strong>#ElVeracruzanoVip<\/strong><\/p>\n","protected":false},"excerpt":{"rendered":"<p>#GobiernoDeVeracruz.- Con el objetivo de fomentar entre las Personas Privadas de la Libertad, h\u00e1bitos de limpieza, orden y disciplina, se<\/p>\n","protected":false},"author":4,"featured_media":1223,"comment_status":"open","ping_status":"open","sticky":false,"template":"","format":"standard","meta":{"colormag_page_container_layout":"default_layout","colormag_page_sidebar_layout":"default_layout","rop_custom_images_group":[],"rop_custom_messages_group":[],"rop_publish_now":"initial","rop_publish_now_accounts":{"facebook_109133384920963_108472061465099":""},"rop_publish_now_history":[],"rop_publish_now_status":"pending","footnotes":""},"categories":[16],"tags":[17,26,20,18,19,84,21,23,22],"class_list":["post-1222","post","type-post","status-publish","format-standard","has-post-thumbnail","hentry","category-ultima-hora","tag-cuitlahuac-garcia-jimenez","tag-el-veracruzano-vip","tag-enterate","tag-gobierno-del-estado-de-veracruz","tag-redes-sociales","tag-secretaria-de-proteccion-civil-del-estado-de-veracruz","tag-ultima-hora","tag-ultimas-noticias","tag-ultimo-minuto"],"_links":{"self":[{"href":"http:\/\/elveracruzano.vip\/index.php?rest_route=\/wp\/v2\/posts\/1222","targetHints":{"allow":["GET"]}}],"collection":[{"href":"http:\/\/elveracruzano.vip\/index.php?rest_route=\/wp\/v2\/posts"}],"about":[{"href":"http:\/\/elveracruzano.vip\/index.php?rest_route=\/wp\/v2\/types\/post"}],"author":[{"embeddable":true,"href":"http:\/\/elveracruzano.vip\/index.php?rest_route=\/wp\/v2\/users\/4"}],"replies":[{"embeddable":true,"href":"http:\/\/elveracruzano.vip\/index.php?rest_route=%2Fwp%2Fv2%2Fcomments&post=1222"}],"version-history":[{"count":1,"href":"http:\/\/elveracruzano.vip\/index.php?rest_route=\/wp\/v2\/posts\/1222\/revisions"}],"predecessor-version":[{"id":1224,"href":"http:\/\/elveracruzano.vip\/index.php?rest_route=\/wp\/v2\/posts\/1222\/revisions\/1224"}],"wp:featuredmedia":[{"embeddable":true,"href":"http:\/\/elveracruzano.vip\/index.php?rest_route=\/wp\/v2\/media\/1223"}],"wp:attachment":[{"href":"http:\/\/elveracruzano.vip\/index.php?rest_route=%2Fwp%2Fv2%2Fmedia&parent=1222"}],"wp:term":[{"taxonomy":"category","embeddable":true,"href":"http:\/\/elveracruzano.vip\/index.php?rest_route=%2Fwp%2Fv2%2Fcategories&post=1222"},{"taxonomy":"post_tag","embeddable":true,"href":"http:\/\/elveracruzano.vip\/index.php?rest_route=%2Fwp%2Fv2%2Ftags&post=1222"}],"curies":[{"name":"wp","href":"https:\/\/api.w.org\/{rel}","templated":true}]}}