{"id":1053,"date":"2022-02-03T12:14:51","date_gmt":"2022-02-03T18:14:51","guid":{"rendered":"http:\/\/elveracruzano.vip\/?p=1053"},"modified":"2022-02-03T12:14:51","modified_gmt":"2022-02-03T18:14:51","slug":"amado-cruz-malpica-y-celanese-mexicana-en-beneficio-de-coatzacoalcos","status":"publish","type":"post","link":"http:\/\/elveracruzano.vip\/?p=1053","title":{"rendered":"Amado Cruz Malpica y Celanese Mexicana, en beneficio de Coatzacoalcos"},"content":{"rendered":"\n<p><strong>#Coatzacoalcos<\/strong>, <strong>#Ver<\/strong>.-\u00a0El Presidente Municipal Amado Jes\u00fas Cruz Malpica, sostuvo una reuni\u00f3n de trabajo con el equipo de liderazgo de la empresa industrial Celanese Mexicana, con la finalidad de hacer sinergia con los\u00a0programas de voluntariado en materia ambiental, de educaci\u00f3n, seguridad y responsabilidad social del municipio, as\u00ed como de la empresa.<\/p>\n\n\n\n<p>Cruz Malpica fue invitado a participar en los festejos del 40 aniversario de la operaci\u00f3n del complejo en esta regi\u00f3n, celebraci\u00f3n que se llevar\u00e1 a cabo con diversas actividades durante el a\u00f1o.<\/p>\n\n\n\n<p>Tanto el mun\u00edcipe porte\u00f1o, acompa\u00f1ado del Director de Desarrollo Econ\u00f3mico Municipal, Carlos Mendoza Chesty, y los representantes de Celanese, coincidieron en trabajar de manera conjunta en temas de responsabilidad social de parte de la empresa hacia la comunidad de nuestra ciudad.<\/p>\n\n\n\n<p>Los puntos de acuerdo propuestos entre ambas entidades fueron los programas de voluntariado del complejo y el compromiso ambiental con Coatzacoalcos, entre otros.<\/p>\n\n\n\n<p>Cabe hacer menci\u00f3n que, Celanese Mexicana es una empresa petroqu\u00edmica que produce anh\u00eddrido ac\u00e9tico, acido acr\u00edlico, metilaminas y acetato de etilo, y que en Coatzacoalcos proporciona empleo a cientos de personas del municipio y alrededores.<\/p>\n\n\n\n<p><strong>#ElVeracruzanoVip<\/strong><\/p>\n","protected":false},"excerpt":{"rendered":"<p>#Coatzacoalcos, #Ver.-\u00a0El Presidente Municipal Amado Jes\u00fas Cruz Malpica, sostuvo una reuni\u00f3n de trabajo con el equipo de liderazgo de la<\/p>\n","protected":false},"author":5,"featured_media":1054,"comment_status":"open","ping_status":"open","sticky":false,"template":"","format":"standard","meta":{"colormag_page_container_layout":"default_layout","colormag_page_sidebar_layout":"default_layout","rop_custom_images_group":[],"rop_custom_messages_group":[],"rop_publish_now":"initial","rop_publish_now_accounts":{"facebook_109133384920963_108472061465099":""},"rop_publish_now_history":[],"rop_publish_now_status":"pending","footnotes":""},"categories":[10],"tags":[78,37,17,26,20,18,19,21,23,22],"class_list":["post-1053","post","type-post","status-publish","format-standard","has-post-thumbnail","hentry","category-municipios","tag-amado-cruz-malpica","tag-coatzacoalcos","tag-cuitlahuac-garcia-jimenez","tag-el-veracruzano-vip","tag-enterate","tag-gobierno-del-estado-de-veracruz","tag-redes-sociales","tag-ultima-hora","tag-ultimas-noticias","tag-ultimo-minuto"],"_links":{"self":[{"href":"http:\/\/elveracruzano.vip\/index.php?rest_route=\/wp\/v2\/posts\/1053","targetHints":{"allow":["GET"]}}],"collection":[{"href":"http:\/\/elveracruzano.vip\/index.php?rest_route=\/wp\/v2\/posts"}],"about":[{"href":"http:\/\/elveracruzano.vip\/index.php?rest_route=\/wp\/v2\/types\/post"}],"author":[{"embeddable":true,"href":"http:\/\/elveracruzano.vip\/index.php?rest_route=\/wp\/v2\/users\/5"}],"replies":[{"embeddable":true,"href":"http:\/\/elveracruzano.vip\/index.php?rest_route=%2Fwp%2Fv2%2Fcomments&post=1053"}],"version-history":[{"count":1,"href":"http:\/\/elveracruzano.vip\/index.php?rest_route=\/wp\/v2\/posts\/1053\/revisions"}],"predecessor-version":[{"id":1055,"href":"http:\/\/elveracruzano.vip\/index.php?rest_route=\/wp\/v2\/posts\/1053\/revisions\/1055"}],"wp:featuredmedia":[{"embeddable":true,"href":"http:\/\/elveracruzano.vip\/index.php?rest_route=\/wp\/v2\/media\/1054"}],"wp:attachment":[{"href":"http:\/\/elveracruzano.vip\/index.php?rest_route=%2Fwp%2Fv2%2Fmedia&parent=1053"}],"wp:term":[{"taxonomy":"category","embeddable":true,"href":"http:\/\/elveracruzano.vip\/index.php?rest_route=%2Fwp%2Fv2%2Fcategories&post=1053"},{"taxonomy":"post_tag","embeddable":true,"href":"http:\/\/elveracruzano.vip\/index.php?rest_route=%2Fwp%2Fv2%2Ftags&post=1053"}],"curies":[{"name":"wp","href":"https:\/\/api.w.org\/{rel}","templated":true}]}}